{"id":2401,"date":"2025-08-04T08:00:00","date_gmt":"2025-08-04T06:00:00","guid":{"rendered":"https:\/\/www.llachserra.com\/?p=2401"},"modified":"2025-07-31T09:48:52","modified_gmt":"2025-07-31T07:48:52","slug":"alquiler-residencial-en-retroceso","status":"publish","type":"post","link":"https:\/\/www.llachserra.com\/es\/alquiler-residencial-en-retroceso\/","title":{"rendered":"El alquiler residencial retrocede: perdemos vivienda en un momento clave"},"content":{"rendered":"\n<p>La oferta de vivienda de alquiler est\u00e1 cayendo en Catalu\u00f1a y en todo el Estado. Un fen\u00f3meno que, lejos de ser puntual, muestra una preocupante tendencia que condiciona el acceso a la vivienda y tensiona los precios. Esta reducci\u00f3n se ha acelerado especialmente desde el 2023, coincidiendo con la entrada en vigor de medidas para limitar las rentas y regular los usos tur\u00edsticos.<\/p>\n\n<p>Seg\u00fan datos del Observatorio del alquiler, s\u00f3lo en Barcelona ciudad se retiraron cerca de 6.900 viviendas del mercado de alquiler habitual en poco m\u00e1s de un a\u00f1o. En el \u00e1mbito estatal, el n\u00famero supera las 14.500 viviendas. Una cifra que pone en duda la eficacia de las pol\u00edticas para garantizar el derecho a la vivienda si no van acompa\u00f1adas de un incremento real del parque disponible.<\/p>\n\n<h2 class=\"wp-block-heading\"><strong>Una tendencia en retroceso<\/strong><\/h2>\n\n<p>La tendencia no es nueva, pero se ha acelerado. El informe de<a href=\"https:\/\/www.alquilerseguro.es\/blog\/el-mercado-del-alquiler-residencial-pierde-mas-de-14500-viviendas-en-2025-segun-el-observatorio-de?utm_source=chatgpt.com\" target=\"_blank\" rel=\"noopener\"> Alquiler Seguro (julio 2025)<\/a> muestra como, entre 2023 y el primer semestre de 2025, muchas propiedades han pasado a:<\/p>\n\n<ul class=\"wp-block-list\">\n<li>Ser vendidas ante la incertidumbre jur\u00eddica.<\/li>\n\n\n\n<li>Destinarse a alquileres de temporada o por habitaciones (con rentabilidades m\u00e1s altas).<\/li>\n\n\n\n<li>Transformarse en usos tur\u00edsticos o quedar temporalmente fuera de mercado a la espera de cambios normativos.<\/li>\n<\/ul>\n\n<p>Este descenso afecta especialmente zonas urbanas con alta demanda y tensi\u00f3n de precios, como Barcelona, Madrid, Palma, Val\u00e8ncia o San Sebasti\u00e1n.<\/p>\n\n<h2 class=\"wp-block-heading\"><strong>\u00bfPor qu\u00e9 pasa esto?<\/strong><\/h2>\n\n<p>El objetivo de aumentar la accesibilidad mediante <strong>topes al precio del alquiler<\/strong>, <strong>nuevos \u00edndices de referencia<\/strong> y r<strong>egulaci\u00f3n del alquiler tur\u00edstico<\/strong> es leg\u00edtimo. Pero en muchos casos, el efecto ha sido el opuesto: ante la percepci\u00f3n de una reducci\u00f3n de libertad contractual y de rentabilidad, <strong>muchos propietarios deciden retirar el inmueble o cambiar de modelo de negocio<\/strong>. Seg\u00fan el estudio de Fotocasa Research de junio, <strong>un 24\u202f% de los propietarios que alquilaban han decidido vender o no renovar contrato<\/strong>, y un 11\u202f% opta para hacer un uso diferente al inmueble (alquiler de temporada, estudio compartido, segunda residencia&#8230;).<\/p>\n\n<h2 class=\"wp-block-heading\"><strong>Impacto directo: menos oferta, m\u00e1s presi\u00f3n<\/strong><\/h2>\n\n<p>La reducci\u00f3n de oferta tiene un efecto directo: <strong>los precios se mantienen o incluso aumentan<\/strong>, especialmente en zonas donde la demanda no afloja. En Barcelona, el precio medio del alquiler ha subido un 8\u202f% interanual (seg\u00fan Idealista, julio 2025), con cifras todav\u00eda m\u00e1s altas en distritos como Gr\u00e0cia, Eixample o Sant Mart\u00ed.<\/p>\n\n<p>La situaci\u00f3n tambi\u00e9n afecta a las familias m\u00e1s vulnerables. En Valencia, por ejemplo, el <strong>60\u202f% de las solicitudes de ayudas al alquiler han sido denegadas<\/strong> por carencia de oferta que cumpla los requisitos econ\u00f3micos establecidos por la Generalitat Valenciana (<a href=\"https:\/\/cadenaser.com\/comunitat-valenciana\/2025\/07\/17\/compromis-denuncia-que-seis-de-cada-diez-solicitudes-de-ayudas-al-alquiler-en-valencia-son-rechazadas-radio-valencia\/?utm_source=chatgpt.com\" target=\"_blank\" rel=\"noopener\">Cadena SER, julio 2025<\/a>).<\/p>\n\n<h2 class=\"wp-block-heading\"><strong>Una oportunidad para reflexionar sobre el modelo<\/strong><\/h2>\n\n<p>Desde Llach Serra, defendemos que hay que <strong>reflexionar sobre el modelo de alquiler<\/strong> con una mirada que combine <strong>seguridad para las personas inquilinas<\/strong> y <strong>confianza para los propietarios<\/strong>.<\/p>\n\n<ul class=\"wp-block-list\">\n<li>Apostar por <strong>contratos transparentes y equilibrados<\/strong>, que protejan ambas partes.<\/li>\n\n\n\n<li>Generar <strong>incentivos para poner vivienda al mercado<\/strong> (fiscalidad, garant\u00edas p\u00fablicas, seguros&#8230;).<\/li>\n\n\n\n<li>Impulsar f\u00f3rmulas de <strong>colaboraci\u00f3n publicoprivada<\/strong> para ampliar el parque de vivienda asequible.<\/li>\n<\/ul>\n\n<p>Reducir la oferta de alquiler no es la soluci\u00f3n. Al contrario: el reto de hoy es garantizar que haya <strong>m\u00e1s vivienda disponible, m\u00e1s estable y m\u00e1s accesible<\/strong>. Sin esto, el derecho a la vivienda queda solo en el papel.<\/p>\n\n<p>En Llach Serra creemos que hacen falta soluciones realistas, transparentes y sostenibles. Si eres propietario o est\u00e1s pensando en poner una vivienda de alquiler, <a href=\"https:\/\/www.llachserra.com\/es\/contacto\/\"><strong>contacta con nosotros<\/strong><\/a>: te ayudaremos a hacerlo con garant\u00edas y con mirada a largo plazo.<br\/><\/p>\n","protected":false},"excerpt":{"rendered":"<p>La oferta de vivienda de alquiler est\u00e1 cayendo en Catalu\u00f1a y en todo el Estado. Un fen\u00f3meno que, lejos de ser puntual, muestra una preocupante tendencia que condiciona el acceso a la vivienda y tensiona los precios. Esta reducci\u00f3n se ha acelerado especialmente desde el 2023, coincidiendo con la entrada en vigor de medidas para [&hellip;]<\/p>\n","protected":false},"author":4,"featured_media":2399,"comment_status":"open","ping_status":"open","sticky":false,"template":"","format":"standard","meta":{"_acf_changed":false,"_et_pb_use_builder":"off","_et_pb_old_content":"","_et_gb_content_width":"","footnotes":""},"categories":[60],"tags":[],"class_list":["post-2401","post","type-post","status-publish","format-standard","has-post-thumbnail","hentry","category-actualidad"],"acf":[],"_links":{"self":[{"href":"https:\/\/www.llachserra.com\/es\/wp-json\/wp\/v2\/posts\/2401","targetHints":{"allow":["GET"]}}],"collection":[{"href":"https:\/\/www.llachserra.com\/es\/wp-json\/wp\/v2\/posts"}],"about":[{"href":"https:\/\/www.llachserra.com\/es\/wp-json\/wp\/v2\/types\/post"}],"author":[{"embeddable":true,"href":"https:\/\/www.llachserra.com\/es\/wp-json\/wp\/v2\/users\/4"}],"replies":[{"embeddable":true,"href":"https:\/\/www.llachserra.com\/es\/wp-json\/wp\/v2\/comments?post=2401"}],"version-history":[{"count":2,"href":"https:\/\/www.llachserra.com\/es\/wp-json\/wp\/v2\/posts\/2401\/revisions"}],"predecessor-version":[{"id":2516,"href":"https:\/\/www.llachserra.com\/es\/wp-json\/wp\/v2\/posts\/2401\/revisions\/2516"}],"wp:featuredmedia":[{"embeddable":true,"href":"https:\/\/www.llachserra.com\/es\/wp-json\/wp\/v2\/media\/2399"}],"wp:attachment":[{"href":"https:\/\/www.llachserra.com\/es\/wp-json\/wp\/v2\/media?parent=2401"}],"wp:term":[{"taxonomy":"category","embeddable":true,"href":"https:\/\/www.llachserra.com\/es\/wp-json\/wp\/v2\/categories?post=2401"},{"taxonomy":"post_tag","embeddable":true,"href":"https:\/\/www.llachserra.com\/es\/wp-json\/wp\/v2\/tags?post=2401"}],"curies":[{"name":"wp","href":"https:\/\/api.w.org\/{rel}","templated":true}]}}