{"id":1723,"date":"2024-11-11T11:23:49","date_gmt":"2024-11-11T09:23:49","guid":{"rendered":"https:\/\/www.llachserra.com\/rehabilitacion-energetica\/"},"modified":"2025-07-31T09:29:48","modified_gmt":"2025-07-31T07:29:48","slug":"rehabilitacion-energetica","status":"publish","type":"post","link":"https:\/\/www.llachserra.com\/es\/rehabilitacion-energetica\/","title":{"rendered":"Las comunidades de propietarios y la rehabilitaci\u00f3n en clave energ\u00e9tica"},"content":{"rendered":"\n<h2 class=\"wp-block-heading\"><strong>Objetivo: edificios eficientes<\/strong><\/h2>\n\n<p>Los ponentes discutieron el impacto que tienen los edificios en las emisiones de gases de efecto invernadero y los objetivos de la UE para mejorar la eficiencia energ\u00e9tica de los inmuebles. Se trataron cuestiones importantes como:<\/p>\n\n<ul class=\"wp-block-list\">\n<li>\u00bfC\u00f3mo mejorar la eficiencia energ\u00e9tica de un edificio?<\/li>\n\n\n\n<li>\u00bfQu\u00e9 beneficios tienen estas actuaciones para los vecinos?<\/li>\n\n\n\n<li>\u00bfQu\u00e9 programas de subvenciones y beneficios fiscales est\u00e1n disponibles por la rehabilitaci\u00f3n energ\u00e9tica de un inmueble?<\/li>\n<\/ul>\n\n<p>La sesi\u00f3n cont\u00f3 con la participaci\u00f3n de profesionales destacados del sector:<\/p>\n\n<ul class=\"wp-block-list\">\n<li><strong>Rub\u00e9n Llach Laborda<\/strong>, Socio Director de Llach Serra &amp; Associats y Vicepresidente del Colegio de Administradores de Fincas de Barcelona-Lleida.<\/li>\n\n\n\n<li><strong>Carlos P\u00e9rez S\u00e1nchez<\/strong>, arquitecto y asesor t\u00e9cnico del Colegio de Administradores de Fincas.<\/li>\n\n\n\n<li><strong>V\u00edctor Forns<\/strong>, Coordinador de la Oficina T\u00e9cnica de Rehabilitaci\u00f3n de Catalu\u00f1a.<\/li>\n\n\n\n<li><strong>Lucia Salas Cassola<\/strong>, Salas Manager de Factor Energia.<\/li>\n<\/ul>\n\n<p>Agradecemos a todos los ponentes su participaci\u00f3n y conocimiento compartido, as\u00ed como a todos los asistentes que asistieron a esta primera tribuna.<\/p>\n\n<div style=\"height:30px\" aria-hidden=\"true\" class=\"wp-block-spacer\"><\/div>\n\n<h2 class=\"wp-block-heading\"><strong>Recupera la Tribuna<\/strong><\/h2>\n\n<p>Si no pudiste asistir al evento, puedes <a href=\"https:\/\/www.youtube.com\/watch?v=nDC1z89Zn-U\" target=\"_blank\" rel=\"noopener\">recuperar la 1\u00aa Tribuna Llach Serra \u201cLas comunidades de propietarios y la rehabilitaci\u00f3n en clave energ\u00e9tica en nuestro canal de <strong>YouTube<\/strong><\/a>.<\/p>\n\n<div style=\"height:30px\" aria-hidden=\"true\" class=\"wp-block-spacer\"><\/div>\n\n<h3 class=\"wp-block-heading\"><strong>\u00bfQu\u00e9 son las Tribunas Llach Serra?<\/strong><\/h3>\n\n<p>Llach Serra &amp; Associats hemos iniciado, junto con el Casal Sociedad La Principal de Vilafranca del Pened\u00e8s, el Ciclo de Tribunas Llach Serra, un espacio que nace con el objetivo de acercar al p\u00fablico general las novedades sobre la vivienda y patrimonio con ponentes especializados.<\/p>\n\n<div style=\"height:30px\" aria-hidden=\"true\" class=\"wp-block-spacer\"><\/div>\n\n<h4 class=\"wp-block-heading\"><strong>Pr\u00f3ximas Tribunas<\/strong><\/h4>\n\n<ul class=\"wp-block-list\">\n<li><strong>Fecha<\/strong>: 18 de febrero\n<ul class=\"wp-block-list\">\n<li><strong>Tema<\/strong>: \u00abAdquisici\u00f3n de la primera vivienda\u00bb<\/li>\n<\/ul>\n<\/li>\n\n\n\n<li><strong>Fecha<\/strong>: 13 de mayo\n<ul class=\"wp-block-list\">\n<li><strong>Tema<\/strong>: \u00abGesti\u00f3n y administraci\u00f3n del patrimonio\u00bb<\/li>\n<\/ul>\n<\/li>\n<\/ul>\n\n<div style=\"height:30px\" aria-hidden=\"true\" class=\"wp-block-spacer\"><\/div>\n\n<hr class=\"wp-block-separator has-alpha-channel-opacity\"\/>\n\n<div style=\"height:30px\" aria-hidden=\"true\" class=\"wp-block-spacer\"><\/div>\n\n<p>Adem\u00e1s de nuestras tribunas, en <strong>Llach Serra &amp; Associats<\/strong> ofrecemos una amplia gama de servicios inmobiliarios adaptados a las necesidades de nuestros clientes.<\/p>\n\n<p>Desde la <a href=\"https:\/\/www.llachserra.com\/es\/servicio\/venta-y-alquiler\/\">venta y alquiler de inmuebles<\/a> hasta la <a href=\"https:\/\/www.llachserra.com\/es\/servicio\/gestion-comunidades\/\">gesti\u00f3n de comunidades<\/a>, nuestra experiencia y conocimiento del mercado nos permite ofrecer un <a href=\"https:\/\/www.llachserra.com\/es\/servicio\/consultora-inmobiliaria\/\">asesoramiento personalizado<\/a> y soluciones eficientes. Nos comprometemos a maximizar el valor de tus inversiones y garantizar que cada proceso inmobiliario sea un \u00e9xito.<\/p>\n","protected":false},"excerpt":{"rendered":"<p>Objetivo: edificios eficientes Los ponentes discutieron el impacto que tienen los edificios en las emisiones de gases de efecto invernadero y los objetivos de la UE para mejorar la eficiencia energ\u00e9tica de los inmuebles. Se trataron cuestiones importantes como: La sesi\u00f3n cont\u00f3 con la participaci\u00f3n de profesionales destacados del sector: Agradecemos a todos los ponentes [&hellip;]<\/p>\n","protected":false},"author":4,"featured_media":1708,"comment_status":"closed","ping_status":"open","sticky":false,"template":"","format":"standard","meta":{"_acf_changed":false,"_et_pb_use_builder":"off","_et_pb_old_content":"","_et_gb_content_width":"","footnotes":""},"categories":[60,62],"tags":[],"class_list":["post-1723","post","type-post","status-publish","format-standard","has-post-thumbnail","hentry","category-actualidad","category-tribunas-llach-serra"],"acf":[],"_links":{"self":[{"href":"https:\/\/www.llachserra.com\/es\/wp-json\/wp\/v2\/posts\/1723","targetHints":{"allow":["GET"]}}],"collection":[{"href":"https:\/\/www.llachserra.com\/es\/wp-json\/wp\/v2\/posts"}],"about":[{"href":"https:\/\/www.llachserra.com\/es\/wp-json\/wp\/v2\/types\/post"}],"author":[{"embeddable":true,"href":"https:\/\/www.llachserra.com\/es\/wp-json\/wp\/v2\/users\/4"}],"replies":[{"embeddable":true,"href":"https:\/\/www.llachserra.com\/es\/wp-json\/wp\/v2\/comments?post=1723"}],"version-history":[{"count":2,"href":"https:\/\/www.llachserra.com\/es\/wp-json\/wp\/v2\/posts\/1723\/revisions"}],"predecessor-version":[{"id":2501,"href":"https:\/\/www.llachserra.com\/es\/wp-json\/wp\/v2\/posts\/1723\/revisions\/2501"}],"wp:featuredmedia":[{"embeddable":true,"href":"https:\/\/www.llachserra.com\/es\/wp-json\/wp\/v2\/media\/1708"}],"wp:attachment":[{"href":"https:\/\/www.llachserra.com\/es\/wp-json\/wp\/v2\/media?parent=1723"}],"wp:term":[{"taxonomy":"category","embeddable":true,"href":"https:\/\/www.llachserra.com\/es\/wp-json\/wp\/v2\/categories?post=1723"},{"taxonomy":"post_tag","embeddable":true,"href":"https:\/\/www.llachserra.com\/es\/wp-json\/wp\/v2\/tags?post=1723"}],"curies":[{"name":"wp","href":"https:\/\/api.w.org\/{rel}","templated":true}]}}