{"id":1558,"date":"2023-05-26T13:15:00","date_gmt":"2023-05-26T11:15:00","guid":{"rendered":"https:\/\/www.llachserra.com\/articulo-alquiler-habitaciones\/"},"modified":"2025-07-31T09:36:19","modified_gmt":"2025-07-31T07:36:19","slug":"articulo-alquiler-habitaciones","status":"publish","type":"post","link":"https:\/\/www.llachserra.com\/es\/articulo-alquiler-habitaciones\/","title":{"rendered":"El alquiler de habitaciones: el mercado busca soluciones"},"content":{"rendered":"\n<p>Muchos propietarios han decidido retirar sus inmuebles del mercado de alquiler para la falta de incentivos fiscales y la inseguridad jur\u00eddica, mientras que otros han optado por venderlos. Adem\u00e1s, el acceso a la compra de viviendas se ha complicado por la precariedad laboral de los j\u00f3venes, que tienen dificultades para ahorrar y acceder a hipotecas, agravado por el aumento de los tipos de inter\u00e9s y la inflaci\u00f3n.<\/p>\n\n<p>Esta situaci\u00f3n ha provocado un aumento de la demanda de alquiler, mientras la oferta se reduce, creando la tormenta perfecta para el aumento de los precios. No obstante, hay un l\u00edmite natural: la renta disponible de las familias. Cuando los precios del alquiler se vuelven inasumibles, los inquilinos buscan alternativas, como compartir vivienda.<\/p>\n\n<p>En el Alt Pened\u00e8s, el alquiler de habitaciones ya representa m\u00e1s del 20% de la oferta del alquiler residencial, con precios que rondan los 400 euros por habitaci\u00f3n. Este tipo de alquiler, a menudo en viviendas amplias con zonas comunes generosas, se ha convertido en una opci\u00f3n atractiva por su rentabilidad y por no estar sujeta a las restricciones de la Ley de Arrendamientos Urbanos. As\u00ed, la econom\u00eda del mercado encuentra soluciones ah\u00ed donde las pol\u00edticas p\u00fablicas no llegan, cumpliendo con la teor\u00eda de la \u00abmano invisible\u00bb d&#8217;Adam Smith.<\/p>\n\n<p>Este fen\u00f3meno, que ya est\u00e1 obteniendo fuerza en la regi\u00f3n, ilustra como los cambios en el mercado pueden ofrecer alternativas en medio de las dificultades para acceder a una vivienda.<\/p>\n\n<div style=\"height:50px\" aria-hidden=\"true\" class=\"wp-block-spacer\"><\/div>\n\n<p class=\"has-text-align-right\"><br\/>Art\u00edculo de opini\u00f3n escrito por <strong>Rub\u00e9n Llach<\/strong>, codirector de Llach Serra Associats, vicepresidente del Colegio de Administradores de Fincas de Barcelona-Lleida.<\/p>\n\n<p class=\"has-text-align-right\">Publicado el <em>26 de mayode 2023<\/em> en la secci\u00f3n de econom\u00eda de <strong><em>El<\/em><\/strong> <strong><em>3 de vuit<\/em><\/strong>.<\/p>\n","protected":false},"excerpt":{"rendered":"<p>Muchos propietarios han decidido retirar sus inmuebles del mercado de alquiler para la falta de incentivos fiscales y la inseguridad jur\u00eddica, mientras que otros han optado por venderlos. Adem\u00e1s, el acceso a la compra de viviendas se ha complicado por la precariedad laboral de los j\u00f3venes, que tienen dificultades para ahorrar y acceder a hipotecas, [&hellip;]<\/p>\n","protected":false},"author":4,"featured_media":1533,"comment_status":"open","ping_status":"open","sticky":false,"template":"","format":"standard","meta":{"_acf_changed":false,"_et_pb_use_builder":"off","_et_pb_old_content":"","_et_gb_content_width":"","footnotes":""},"categories":[58],"tags":[],"class_list":["post-1558","post","type-post","status-publish","format-standard","has-post-thumbnail","hentry","category-opinion"],"acf":[],"_links":{"self":[{"href":"https:\/\/www.llachserra.com\/es\/wp-json\/wp\/v2\/posts\/1558","targetHints":{"allow":["GET"]}}],"collection":[{"href":"https:\/\/www.llachserra.com\/es\/wp-json\/wp\/v2\/posts"}],"about":[{"href":"https:\/\/www.llachserra.com\/es\/wp-json\/wp\/v2\/types\/post"}],"author":[{"embeddable":true,"href":"https:\/\/www.llachserra.com\/es\/wp-json\/wp\/v2\/users\/4"}],"replies":[{"embeddable":true,"href":"https:\/\/www.llachserra.com\/es\/wp-json\/wp\/v2\/comments?post=1558"}],"version-history":[{"count":2,"href":"https:\/\/www.llachserra.com\/es\/wp-json\/wp\/v2\/posts\/1558\/revisions"}],"predecessor-version":[{"id":2508,"href":"https:\/\/www.llachserra.com\/es\/wp-json\/wp\/v2\/posts\/1558\/revisions\/2508"}],"wp:featuredmedia":[{"embeddable":true,"href":"https:\/\/www.llachserra.com\/es\/wp-json\/wp\/v2\/media\/1533"}],"wp:attachment":[{"href":"https:\/\/www.llachserra.com\/es\/wp-json\/wp\/v2\/media?parent=1558"}],"wp:term":[{"taxonomy":"category","embeddable":true,"href":"https:\/\/www.llachserra.com\/es\/wp-json\/wp\/v2\/categories?post=1558"},{"taxonomy":"post_tag","embeddable":true,"href":"https:\/\/www.llachserra.com\/es\/wp-json\/wp\/v2\/tags?post=1558"}],"curies":[{"name":"wp","href":"https:\/\/api.w.org\/{rel}","templated":true}]}}